{"id":339,"date":"2023-09-04T16:17:07","date_gmt":"2023-09-04T14:17:07","guid":{"rendered":"https:\/\/www.bg-olef.de\/?p=339"},"modified":"2023-09-29T16:24:46","modified_gmt":"2023-09-29T14:24:46","slug":"drei-aeds-defibrillatoren-in-olef-montiert-und-einsatzbereit","status":"publish","type":"post","link":"https:\/\/www.bg-olef.de\/?p=339","title":{"rendered":"Drei AED\u2019s (Defibrillatoren) in Olef montiert und einsatzbereit"},"content":{"rendered":"\n<p><\/p>\n\n\n\n<p>Die B\u00fcrgergemeinschaft Olef e.V. hat drei AED-Ger\u00e4te f\u00fcr Olef bestellt. Die Anschaffungskosten hat die Stadt Schleiden \u00fcbernommen, Kosten f\u00fcr Montage und laufende Wartungskosten \u00fcbernimmt die B\u00fcrgergemeinschaft Olef.<\/p>\n\n\n\n<p>Die Ger\u00e4te wurden heute an den Standorten Feuerwehrhaus, Sportplatz sowie am Haus von Christian Larres an der Einfahrt zum Wohngebiet L\u00fctzenberg (Bruchheck 5) montiert und sind jederzeit zug\u00e4nglich.<\/p>\n\n\n\n<p>Ich hoffe, dass wir die AEDs niemals benutzen m\u00fcssen, aber im Fall der F\u00e4lle k\u00f6nnen sie helfen Leben zu retten!<\/p>\n\n\n\n<p><strong>Die erste Schulung zum Umgang mit den Ger\u00e4ten bieten wir am Samstag, 28.Oktober von 10-12 Uhr an.<\/strong><\/p>\n\n\n\n<p>Weitere Termine werden \u00fcber den Monitor am Feuerwehrhaus bekanntgegeben. Anmeldungen werden gerne \u00fcber <a rel=\"noreferrer noopener\" href=\"mailto:Team@BG-Olef.de\" target=\"_blank\"><strong>Team@BG-Olef.de<\/strong><\/a> entgegengenommen.<\/p>\n\n\n\n<figure class=\"wp-block-gallery has-nested-images columns-default is-cropped wp-block-gallery-1 is-layout-flex wp-block-gallery-is-layout-flex\">\n<figure class=\"wp-block-image size-large\"><img loading=\"lazy\" decoding=\"async\" width=\"1024\" height=\"461\" data-id=\"340\" src=\"https:\/\/www.bg-olef.de\/wp-content\/uploads\/2023\/09\/c9978e36-b337-4c03-883d-d091106d24cb-1-1024x461.jpeg\" alt=\"\" class=\"wp-image-340\" srcset=\"https:\/\/www.bg-olef.de\/wp-content\/uploads\/2023\/09\/c9978e36-b337-4c03-883d-d091106d24cb-1-1024x461.jpeg 1024w, https:\/\/www.bg-olef.de\/wp-content\/uploads\/2023\/09\/c9978e36-b337-4c03-883d-d091106d24cb-1-300x135.jpeg 300w, https:\/\/www.bg-olef.de\/wp-content\/uploads\/2023\/09\/c9978e36-b337-4c03-883d-d091106d24cb-1-768x346.jpeg 768w, https:\/\/www.bg-olef.de\/wp-content\/uploads\/2023\/09\/c9978e36-b337-4c03-883d-d091106d24cb-1-1536x692.jpeg 1536w, https:\/\/www.bg-olef.de\/wp-content\/uploads\/2023\/09\/c9978e36-b337-4c03-883d-d091106d24cb-1-1568x706.jpeg 1568w, https:\/\/www.bg-olef.de\/wp-content\/uploads\/2023\/09\/c9978e36-b337-4c03-883d-d091106d24cb-1.jpeg 2016w\" sizes=\"auto, (max-width: 1024px) 100vw, 1024px\" \/><\/figure>\n\n\n\n<figure class=\"wp-block-image size-large\"><img loading=\"lazy\" decoding=\"async\" width=\"461\" height=\"1024\" data-id=\"341\" src=\"https:\/\/www.bg-olef.de\/wp-content\/uploads\/2023\/09\/375168140_957378188683776_1716415032499525339_n-461x1024.jpg\" alt=\"\" class=\"wp-image-341\" srcset=\"https:\/\/www.bg-olef.de\/wp-content\/uploads\/2023\/09\/375168140_957378188683776_1716415032499525339_n-461x1024.jpg 461w, https:\/\/www.bg-olef.de\/wp-content\/uploads\/2023\/09\/375168140_957378188683776_1716415032499525339_n-135x300.jpg 135w, https:\/\/www.bg-olef.de\/wp-content\/uploads\/2023\/09\/375168140_957378188683776_1716415032499525339_n-768x1705.jpg 768w, https:\/\/www.bg-olef.de\/wp-content\/uploads\/2023\/09\/375168140_957378188683776_1716415032499525339_n-692x1536.jpg 692w, https:\/\/www.bg-olef.de\/wp-content\/uploads\/2023\/09\/375168140_957378188683776_1716415032499525339_n.jpg 908w\" sizes=\"auto, (max-width: 461px) 100vw, 461px\" \/><\/figure>\n\n\n\n<figure class=\"wp-block-image size-large\"><img loading=\"lazy\" decoding=\"async\" width=\"461\" height=\"1024\" data-id=\"342\" src=\"https:\/\/www.bg-olef.de\/wp-content\/uploads\/2023\/09\/375114981_957378185350443_5514530985096404629_n-461x1024.jpg\" alt=\"\" class=\"wp-image-342\" srcset=\"https:\/\/www.bg-olef.de\/wp-content\/uploads\/2023\/09\/375114981_957378185350443_5514530985096404629_n-461x1024.jpg 461w, https:\/\/www.bg-olef.de\/wp-content\/uploads\/2023\/09\/375114981_957378185350443_5514530985096404629_n-135x300.jpg 135w, https:\/\/www.bg-olef.de\/wp-content\/uploads\/2023\/09\/375114981_957378185350443_5514530985096404629_n-768x1705.jpg 768w, https:\/\/www.bg-olef.de\/wp-content\/uploads\/2023\/09\/375114981_957378185350443_5514530985096404629_n-692x1536.jpg 692w, https:\/\/www.bg-olef.de\/wp-content\/uploads\/2023\/09\/375114981_957378185350443_5514530985096404629_n.jpg 908w\" sizes=\"auto, (max-width: 461px) 100vw, 461px\" \/><\/figure>\n<\/figure>\n","protected":false},"excerpt":{"rendered":"<p>Die B\u00fcrgergemeinschaft Olef e.V. hat drei AED-Ger\u00e4te f\u00fcr Olef bestellt. Die Anschaffungskosten hat die Stadt Schleiden \u00fcbernommen, Kosten f\u00fcr Montage und laufende Wartungskosten \u00fcbernimmt die B\u00fcrgergemeinschaft Olef. Die Ger\u00e4te wurden heute an den Standorten Feuerwehrhaus, Sportplatz sowie am Haus von Christian Larres an der Einfahrt zum Wohngebiet L\u00fctzenberg (Bruchheck 5) montiert und sind jederzeit zug\u00e4nglich.&hellip; <a class=\"more-link\" href=\"https:\/\/www.bg-olef.de\/?p=339\"><span class=\"screen-reader-text\">Drei AED\u2019s (Defibrillatoren) in Olef montiert und einsatzbereit<\/span> weiterlesen<\/a><\/p>\n","protected":false},"author":1,"featured_media":340,"comment_status":"open","ping_status":"open","sticky":false,"template":"","format":"standard","meta":{"footnotes":""},"categories":[1],"tags":[],"class_list":["post-339","post","type-post","status-publish","format-standard","has-post-thumbnail","hentry","category-allgemein","entry"],"_links":{"self":[{"href":"https:\/\/www.bg-olef.de\/index.php?rest_route=\/wp\/v2\/posts\/339","targetHints":{"allow":["GET"]}}],"collection":[{"href":"https:\/\/www.bg-olef.de\/index.php?rest_route=\/wp\/v2\/posts"}],"about":[{"href":"https:\/\/www.bg-olef.de\/index.php?rest_route=\/wp\/v2\/types\/post"}],"author":[{"embeddable":true,"href":"https:\/\/www.bg-olef.de\/index.php?rest_route=\/wp\/v2\/users\/1"}],"replies":[{"embeddable":true,"href":"https:\/\/www.bg-olef.de\/index.php?rest_route=%2Fwp%2Fv2%2Fcomments&post=339"}],"version-history":[{"count":1,"href":"https:\/\/www.bg-olef.de\/index.php?rest_route=\/wp\/v2\/posts\/339\/revisions"}],"predecessor-version":[{"id":343,"href":"https:\/\/www.bg-olef.de\/index.php?rest_route=\/wp\/v2\/posts\/339\/revisions\/343"}],"wp:featuredmedia":[{"embeddable":true,"href":"https:\/\/www.bg-olef.de\/index.php?rest_route=\/wp\/v2\/media\/340"}],"wp:attachment":[{"href":"https:\/\/www.bg-olef.de\/index.php?rest_route=%2Fwp%2Fv2%2Fmedia&parent=339"}],"wp:term":[{"taxonomy":"category","embeddable":true,"href":"https:\/\/www.bg-olef.de\/index.php?rest_route=%2Fwp%2Fv2%2Fcategories&post=339"},{"taxonomy":"post_tag","embeddable":true,"href":"https:\/\/www.bg-olef.de\/index.php?rest_route=%2Fwp%2Fv2%2Ftags&post=339"}],"curies":[{"name":"wp","href":"https:\/\/api.w.org\/{rel}","templated":true}]}}